{"id":4612,"date":"2021-10-22T16:01:32","date_gmt":"2021-10-22T14:01:32","guid":{"rendered":"https:\/\/www.tamsstn.org\/?p=4612"},"modified":"2022-04-21T10:21:58","modified_gmt":"2022-04-21T08:21:58","slug":"la-premiere-micro-entreprise-refugies","status":"publish","type":"post","link":"https:\/\/www.tamsstn.org\/en\/la-premiere-micro-entreprise-refugies\/","title":{"rendered":"Inauguration la premi\u00e8re micro-entreprise au profit des r\u00e9fugi\u00e9s"},"content":{"rendered":"<h5 class=\"wp-block-heading\">Inauguration la premi\u00e8re micro-entreprise au profit des r\u00e9fugi\u00e9s<\/h5>\n\n\n\n<p>Entreprise: <\/p>\n\n\n\n<p>Dans le cadre du projet <a href=\"https:\/\/www.tamsstn.org\/en\/seiras\/\" title=\"SEIRAS\">SEIRAS<\/a> (Social and Economic Insertion for Refugees and Asylum Seekers), en partenariat avec l&rsquo;UNHCR, <a href=\"https:\/\/www.facebook.com\/tamss.tn\" target=\"_blank\" rel=\"noopener\">TAMSS<\/a> a re\u00e7u le jeudi 21 Novembre 2019 une d\u00e9l\u00e9gation Suisse en pr\u00e9sence de l&rsquo;\u00e9quipe de l&rsquo;UNHCR et d&rsquo;une vingtaine de r\u00e9fugi\u00e9s de diverses nationalit\u00e9s et de diff\u00e9rentes r\u00e9gions de Tunisie pour une journ\u00e9e de r\u00e9flexion portant sur l&rsquo;action d&rsquo;insertion \u00e9conomique et sociale des r\u00e9fugi\u00e9s et demandeurs d&rsquo;asile pilot\u00e9 par TAMSS.<\/p>\n\n\n\n<figure class=\"wp-block-gallery columns-3 is-cropped wp-block-gallery-1 is-layout-flex wp-block-gallery-is-layout-flex\"><ul class=\"blocks-gallery-grid\"><li class=\"blocks-gallery-item\"><figure><img fetchpriority=\"high\" decoding=\"async\" width=\"1024\" height=\"424\" src=\"https:\/\/www.tamsstn.org\/wp-content\/uploads\/2019\/11\/visite-de-la-de\u0301le\u0301gation-suisse-211119-78-1024x424.jpg\" alt=\"\" data-id=\"615\" data-full-url=\"https:\/\/www.tamsstn.org\/wp-content\/uploads\/2019\/11\/visite-de-la-de\u0301le\u0301gation-suisse-211119-78-scaled.jpg\" data-link=\"https:\/\/www.tamsstn.org\/visite-de-la-delegation-suisse-211119-78\/\" class=\"wp-image-615\" title=\"\" srcset=\"https:\/\/www.tamsstn.org\/wp-content\/uploads\/2019\/11\/visite-de-la-de\u0301le\u0301gation-suisse-211119-78-1024x424.jpg 1024w, https:\/\/www.tamsstn.org\/wp-content\/uploads\/2019\/11\/visite-de-la-de\u0301le\u0301gation-suisse-211119-78-600x249.jpg 600w, https:\/\/www.tamsstn.org\/wp-content\/uploads\/2019\/11\/visite-de-la-de\u0301le\u0301gation-suisse-211119-78-300x124.jpg 300w, https:\/\/www.tamsstn.org\/wp-content\/uploads\/2019\/11\/visite-de-la-de\u0301le\u0301gation-suisse-211119-78-768x318.jpg 768w\" sizes=\"(max-width: 1024px) 100vw, 1024px\" \/><\/figure><\/li><li class=\"blocks-gallery-item\"><figure><img decoding=\"async\" width=\"1024\" height=\"683\" src=\"https:\/\/www.tamsstn.org\/wp-content\/uploads\/2019\/11\/visite-de-la-de\u0301le\u0301gation-suisse-211119-141-1024x683.jpg\" alt=\"\" data-id=\"625\" data-full-url=\"https:\/\/www.tamsstn.org\/wp-content\/uploads\/2019\/11\/visite-de-la-de\u0301le\u0301gation-suisse-211119-141-scaled.jpg\" data-link=\"https:\/\/www.tamsstn.org\/visite-de-la-delegation-suisse-211119-141\/\" class=\"wp-image-625\" title=\"\" srcset=\"https:\/\/www.tamsstn.org\/wp-content\/uploads\/2019\/11\/visite-de-la-de\u0301le\u0301gation-suisse-211119-141-1024x683.jpg 1024w, https:\/\/www.tamsstn.org\/wp-content\/uploads\/2019\/11\/visite-de-la-de\u0301le\u0301gation-suisse-211119-141-600x400.jpg 600w, https:\/\/www.tamsstn.org\/wp-content\/uploads\/2019\/11\/visite-de-la-de\u0301le\u0301gation-suisse-211119-141-300x200.jpg 300w, https:\/\/www.tamsstn.org\/wp-content\/uploads\/2019\/11\/visite-de-la-de\u0301le\u0301gation-suisse-211119-141-768x512.jpg 768w\" sizes=\"(max-width: 1024px) 100vw, 1024px\" \/><\/figure><\/li><li class=\"blocks-gallery-item\"><figure><img decoding=\"async\" width=\"1024\" height=\"683\" src=\"https:\/\/www.tamsstn.org\/wp-content\/uploads\/2019\/11\/visite-de-la-de\u0301le\u0301gation-suisse-211119-168-1024x683.jpg\" alt=\"\" data-id=\"630\" data-full-url=\"https:\/\/www.tamsstn.org\/wp-content\/uploads\/2019\/11\/visite-de-la-de\u0301le\u0301gation-suisse-211119-168-scaled.jpg\" data-link=\"https:\/\/www.tamsstn.org\/visite-de-la-delegation-suisse-211119-168-2\/\" class=\"wp-image-630\" title=\"\" srcset=\"https:\/\/www.tamsstn.org\/wp-content\/uploads\/2019\/11\/visite-de-la-de\u0301le\u0301gation-suisse-211119-168-1024x683.jpg 1024w, https:\/\/www.tamsstn.org\/wp-content\/uploads\/2019\/11\/visite-de-la-de\u0301le\u0301gation-suisse-211119-168-300x200.jpg 300w, https:\/\/www.tamsstn.org\/wp-content\/uploads\/2019\/11\/visite-de-la-de\u0301le\u0301gation-suisse-211119-168-768x512.jpg 768w\" sizes=\"(max-width: 1024px) 100vw, 1024px\" \/><\/figure><\/li><\/ul><\/figure>\n\n\n\n<p>Ces actions rel\u00e8vent de la formation, de l&rsquo;encadrement, du placement dans divers emplois et de la cr\u00e9ation de micro entreprises. La d\u00e9l\u00e9gation suisse, accompagn\u00e9e de M. Sylvain Astier, d\u00e9l\u00e9gu\u00e9 \u00e0 la migration \u00e0 l&rsquo;ambassade de suisse en Tunisie, est compos\u00e9e de fonctionnaires charg\u00e9s des affaires des r\u00e9fugi\u00e9s du Canton de Vaud.<\/p>\n\n\n\n<p>L&rsquo;\u00e9quipe SEIRAS a expos\u00e9 la strat\u00e9gie d&rsquo;action, les d\u00e9marches, les d\u00e9fis et les r\u00e9sultats obtenus ainsi que des perspectives d&rsquo;avenir. Les r\u00e9fugi\u00e9s ont pris la parole pour t\u00e9moigner de leurs situations respectives, des difficult\u00e9s et des actions entreprises en leur faveur. Les membres de la d\u00e9l\u00e9gation suisse ont exprim\u00e9 leur int\u00e9r\u00eat \u00e0 l&rsquo;ensemble du programme Seiras pilot\u00e9 par TAMSS en mentionnant la similitude des probl\u00e8mes et de la situation des r\u00e9fugi\u00e9s en Suisse et en Tunisie.<\/p>\n\n\n\n<p>Ils ont salu\u00e9 TAMSS et mis en exergue la pugnacit\u00e9 de sa pr\u00e9sidente madame Ch\u00e9ma Gargouri et l&rsquo;engagement de l&rsquo;\u00e9quipe Seiras ainsi que le soutien de l&rsquo;UNHCR.<\/p>\n\n\n\n<p>La rencontre a \u00e9t\u00e9 couronn\u00e9e par l&rsquo;inauguration du premier projet de micro entreprise cr\u00e9\u00e9e dans le cadre du programme Seiras, le restaurant Mali Cham de sp\u00e9cialit\u00e9s syriennes en soci\u00e9t\u00e9 entre un r\u00e9fugi\u00e9 syrien et un promoteur tunisien au quartier El Mourouj. Sept autres micro entreprises sont en cours d&rsquo;ouverture au mois de novembre 2019.<\/p>\n\n\n\n<div class=\"wp-block-columns is-layout-flex wp-container-core-columns-is-layout-9d6595d7 wp-block-columns-is-layout-flex\">\n<div class=\"wp-block-column is-layout-flow wp-block-column-is-layout-flow\" style=\"flex-basis:100%\">\n<div class=\"wp-block-group\"><div class=\"wp-block-group__inner-container is-layout-flow wp-block-group-is-layout-flow\">\n<figure class=\"wp-block-gallery columns-3 is-cropped wp-block-gallery-2 is-layout-flex wp-block-gallery-is-layout-flex\"><ul class=\"blocks-gallery-grid\"><li class=\"blocks-gallery-item\"><figure><img loading=\"lazy\" decoding=\"async\" width=\"1024\" height=\"683\" src=\"https:\/\/www.tamsstn.org\/wp-content\/uploads\/2019\/11\/visite-de-la-de\u0301le\u0301gation-suisse-211119-271-1024x683.jpg\" alt=\"\" data-id=\"638\" data-full-url=\"https:\/\/www.tamsstn.org\/wp-content\/uploads\/2019\/11\/visite-de-la-de\u0301le\u0301gation-suisse-211119-271-scaled.jpg\" data-link=\"https:\/\/www.tamsstn.org\/visite-de-la-delegation-suisse-211119-271-2\/\" class=\"wp-image-638\" title=\"\" srcset=\"https:\/\/www.tamsstn.org\/wp-content\/uploads\/2019\/11\/visite-de-la-de\u0301le\u0301gation-suisse-211119-271-1024x683.jpg 1024w, https:\/\/www.tamsstn.org\/wp-content\/uploads\/2019\/11\/visite-de-la-de\u0301le\u0301gation-suisse-211119-271-600x400.jpg 600w, https:\/\/www.tamsstn.org\/wp-content\/uploads\/2019\/11\/visite-de-la-de\u0301le\u0301gation-suisse-211119-271-300x200.jpg 300w, https:\/\/www.tamsstn.org\/wp-content\/uploads\/2019\/11\/visite-de-la-de\u0301le\u0301gation-suisse-211119-271-768x512.jpg 768w\" sizes=\"(max-width: 1024px) 100vw, 1024px\" \/><\/figure><\/li><li class=\"blocks-gallery-item\"><figure><img loading=\"lazy\" decoding=\"async\" width=\"1024\" height=\"683\" src=\"https:\/\/www.tamsstn.org\/wp-content\/uploads\/2019\/11\/visite-de-la-de\u0301le\u0301gation-suisse-211119-265-1024x683.jpg\" alt=\"\" data-id=\"635\" data-full-url=\"https:\/\/www.tamsstn.org\/wp-content\/uploads\/2019\/11\/visite-de-la-de\u0301le\u0301gation-suisse-211119-265-scaled.jpg\" data-link=\"https:\/\/www.tamsstn.org\/visite-de-la-delegation-suisse-211119-265\/\" class=\"wp-image-635\" title=\"\" srcset=\"https:\/\/www.tamsstn.org\/wp-content\/uploads\/2019\/11\/visite-de-la-de\u0301le\u0301gation-suisse-211119-265-1024x683.jpg 1024w, https:\/\/www.tamsstn.org\/wp-content\/uploads\/2019\/11\/visite-de-la-de\u0301le\u0301gation-suisse-211119-265-300x200.jpg 300w, https:\/\/www.tamsstn.org\/wp-content\/uploads\/2019\/11\/visite-de-la-de\u0301le\u0301gation-suisse-211119-265-768x512.jpg 768w\" sizes=\"(max-width: 1024px) 100vw, 1024px\" \/><\/figure><\/li><li class=\"blocks-gallery-item\"><figure><img loading=\"lazy\" decoding=\"async\" width=\"1024\" height=\"683\" src=\"https:\/\/www.tamsstn.org\/wp-content\/uploads\/2019\/11\/visite-de-la-de\u0301le\u0301gation-suisse-211119-199-1024x683.jpg\" alt=\"\" data-id=\"632\" data-full-url=\"https:\/\/www.tamsstn.org\/wp-content\/uploads\/2019\/11\/visite-de-la-de\u0301le\u0301gation-suisse-211119-199-scaled.jpg\" data-link=\"https:\/\/www.tamsstn.org\/visite-de-la-delegation-suisse-211119-199-2\/\" class=\"wp-image-632\" title=\"\" srcset=\"https:\/\/www.tamsstn.org\/wp-content\/uploads\/2019\/11\/visite-de-la-de\u0301le\u0301gation-suisse-211119-199-1024x683.jpg 1024w, https:\/\/www.tamsstn.org\/wp-content\/uploads\/2019\/11\/visite-de-la-de\u0301le\u0301gation-suisse-211119-199-600x400.jpg 600w, https:\/\/www.tamsstn.org\/wp-content\/uploads\/2019\/11\/visite-de-la-de\u0301le\u0301gation-suisse-211119-199-300x200.jpg 300w, https:\/\/www.tamsstn.org\/wp-content\/uploads\/2019\/11\/visite-de-la-de\u0301le\u0301gation-suisse-211119-199-768x512.jpg 768w\" sizes=\"(max-width: 1024px) 100vw, 1024px\" \/><\/figure><\/li><li class=\"blocks-gallery-item\"><figure><img loading=\"lazy\" decoding=\"async\" width=\"1024\" height=\"657\" src=\"https:\/\/www.tamsstn.org\/wp-content\/uploads\/2019\/11\/visite-de-la-de\u0301le\u0301gation-suisse-211119-145-1024x657.jpg\" alt=\"\" data-id=\"628\" data-full-url=\"https:\/\/www.tamsstn.org\/wp-content\/uploads\/2019\/11\/visite-de-la-de\u0301le\u0301gation-suisse-211119-145-scaled.jpg\" data-link=\"https:\/\/www.tamsstn.org\/visite-de-la-delegation-suisse-211119-145-2\/\" class=\"wp-image-628\" title=\"\" srcset=\"https:\/\/www.tamsstn.org\/wp-content\/uploads\/2019\/11\/visite-de-la-de\u0301le\u0301gation-suisse-211119-145-1024x657.jpg 1024w, https:\/\/www.tamsstn.org\/wp-content\/uploads\/2019\/11\/visite-de-la-de\u0301le\u0301gation-suisse-211119-145-600x385.jpg 600w, https:\/\/www.tamsstn.org\/wp-content\/uploads\/2019\/11\/visite-de-la-de\u0301le\u0301gation-suisse-211119-145-300x193.jpg 300w, https:\/\/www.tamsstn.org\/wp-content\/uploads\/2019\/11\/visite-de-la-de\u0301le\u0301gation-suisse-211119-145-768x493.jpg 768w\" sizes=\"(max-width: 1024px) 100vw, 1024px\" \/><\/figure><\/li><li class=\"blocks-gallery-item\"><figure><img loading=\"lazy\" decoding=\"async\" width=\"1024\" height=\"683\" src=\"https:\/\/www.tamsstn.org\/wp-content\/uploads\/2019\/11\/visite-de-la-de\u0301le\u0301gation-suisse-211119-116-1024x683.jpg\" alt=\"\" data-id=\"624\" data-full-url=\"https:\/\/www.tamsstn.org\/wp-content\/uploads\/2019\/11\/visite-de-la-de\u0301le\u0301gation-suisse-211119-116-scaled.jpg\" data-link=\"https:\/\/www.tamsstn.org\/visite-de-la-delegation-suisse-211119-116-2\/\" class=\"wp-image-624\" title=\"\" srcset=\"https:\/\/www.tamsstn.org\/wp-content\/uploads\/2019\/11\/visite-de-la-de\u0301le\u0301gation-suisse-211119-116-1024x683.jpg 1024w, https:\/\/www.tamsstn.org\/wp-content\/uploads\/2019\/11\/visite-de-la-de\u0301le\u0301gation-suisse-211119-116-600x400.jpg 600w, https:\/\/www.tamsstn.org\/wp-content\/uploads\/2019\/11\/visite-de-la-de\u0301le\u0301gation-suisse-211119-116-300x200.jpg 300w, https:\/\/www.tamsstn.org\/wp-content\/uploads\/2019\/11\/visite-de-la-de\u0301le\u0301gation-suisse-211119-116-768x512.jpg 768w\" sizes=\"(max-width: 1024px) 100vw, 1024px\" \/><\/figure><\/li><li class=\"blocks-gallery-item\"><figure><img loading=\"lazy\" decoding=\"async\" width=\"1024\" height=\"821\" src=\"https:\/\/www.tamsstn.org\/wp-content\/uploads\/2019\/11\/visite-de-la-de\u0301le\u0301gation-suisse-211119-104-1024x821.jpg\" alt=\"\" data-id=\"621\" data-full-url=\"https:\/\/www.tamsstn.org\/wp-content\/uploads\/2019\/11\/visite-de-la-de\u0301le\u0301gation-suisse-211119-104-scaled.jpg\" data-link=\"https:\/\/www.tamsstn.org\/visite-de-la-delegation-suisse-211119-104\/\" class=\"wp-image-621\" title=\"\" srcset=\"https:\/\/www.tamsstn.org\/wp-content\/uploads\/2019\/11\/visite-de-la-de\u0301le\u0301gation-suisse-211119-104-1024x821.jpg 1024w, https:\/\/www.tamsstn.org\/wp-content\/uploads\/2019\/11\/visite-de-la-de\u0301le\u0301gation-suisse-211119-104-600x481.jpg 600w, https:\/\/www.tamsstn.org\/wp-content\/uploads\/2019\/11\/visite-de-la-de\u0301le\u0301gation-suisse-211119-104-300x240.jpg 300w, https:\/\/www.tamsstn.org\/wp-content\/uploads\/2019\/11\/visite-de-la-de\u0301le\u0301gation-suisse-211119-104-768x616.jpg 768w\" sizes=\"(max-width: 1024px) 100vw, 1024px\" \/><\/figure><\/li><li class=\"blocks-gallery-item\"><figure><img loading=\"lazy\" decoding=\"async\" width=\"1024\" height=\"683\" src=\"https:\/\/www.tamsstn.org\/wp-content\/uploads\/2019\/11\/visite-de-la-de\u0301le\u0301gation-suisse-211119-96-1024x683.jpg\" alt=\"\" data-id=\"619\" data-full-url=\"https:\/\/www.tamsstn.org\/wp-content\/uploads\/2019\/11\/visite-de-la-de\u0301le\u0301gation-suisse-211119-96-scaled.jpg\" data-link=\"https:\/\/www.tamsstn.org\/visite-de-la-delegation-suisse-211119-96\/\" class=\"wp-image-619\" title=\"\" srcset=\"https:\/\/www.tamsstn.org\/wp-content\/uploads\/2019\/11\/visite-de-la-de\u0301le\u0301gation-suisse-211119-96-1024x683.jpg 1024w, https:\/\/www.tamsstn.org\/wp-content\/uploads\/2019\/11\/visite-de-la-de\u0301le\u0301gation-suisse-211119-96-600x400.jpg 600w, https:\/\/www.tamsstn.org\/wp-content\/uploads\/2019\/11\/visite-de-la-de\u0301le\u0301gation-suisse-211119-96-300x200.jpg 300w, https:\/\/www.tamsstn.org\/wp-content\/uploads\/2019\/11\/visite-de-la-de\u0301le\u0301gation-suisse-211119-96-768x512.jpg 768w\" sizes=\"(max-width: 1024px) 100vw, 1024px\" \/><\/figure><\/li><li class=\"blocks-gallery-item\"><figure><img loading=\"lazy\" decoding=\"async\" width=\"1024\" height=\"683\" src=\"https:\/\/www.tamsstn.org\/wp-content\/uploads\/2019\/11\/visite-de-la-de\u0301le\u0301gation-suisse-211119-84F-1024x683.jpg\" alt=\"\" data-id=\"618\" data-full-url=\"https:\/\/www.tamsstn.org\/wp-content\/uploads\/2019\/11\/visite-de-la-de\u0301le\u0301gation-suisse-211119-84F-scaled.jpg\" data-link=\"https:\/\/www.tamsstn.org\/visite-de-la-delegation-suisse-211119-84f-2\/\" class=\"wp-image-618\" title=\"\" srcset=\"https:\/\/www.tamsstn.org\/wp-content\/uploads\/2019\/11\/visite-de-la-de\u0301le\u0301gation-suisse-211119-84F-1024x683.jpg 1024w, https:\/\/www.tamsstn.org\/wp-content\/uploads\/2019\/11\/visite-de-la-de\u0301le\u0301gation-suisse-211119-84F-600x400.jpg 600w, https:\/\/www.tamsstn.org\/wp-content\/uploads\/2019\/11\/visite-de-la-de\u0301le\u0301gation-suisse-211119-84F-300x200.jpg 300w, https:\/\/www.tamsstn.org\/wp-content\/uploads\/2019\/11\/visite-de-la-de\u0301le\u0301gation-suisse-211119-84F-768x512.jpg 768w\" sizes=\"(max-width: 1024px) 100vw, 1024px\" \/><\/figure><\/li><li class=\"blocks-gallery-item\"><figure><img loading=\"lazy\" decoding=\"async\" width=\"1024\" height=\"683\" src=\"https:\/\/www.tamsstn.org\/wp-content\/uploads\/2019\/11\/visite-de-la-de\u0301le\u0301gation-suisse-211119-12-1024x683.jpg\" alt=\"\" data-id=\"611\" data-full-url=\"https:\/\/www.tamsstn.org\/wp-content\/uploads\/2019\/11\/visite-de-la-de\u0301le\u0301gation-suisse-211119-12-scaled.jpg\" data-link=\"https:\/\/www.tamsstn.org\/visite-de-la-delegation-suisse-211119-12\/\" class=\"wp-image-611\" title=\"\" srcset=\"https:\/\/www.tamsstn.org\/wp-content\/uploads\/2019\/11\/visite-de-la-de\u0301le\u0301gation-suisse-211119-12-1024x683.jpg 1024w, https:\/\/www.tamsstn.org\/wp-content\/uploads\/2019\/11\/visite-de-la-de\u0301le\u0301gation-suisse-211119-12-600x400.jpg 600w, https:\/\/www.tamsstn.org\/wp-content\/uploads\/2019\/11\/visite-de-la-de\u0301le\u0301gation-suisse-211119-12-300x200.jpg 300w, https:\/\/www.tamsstn.org\/wp-content\/uploads\/2019\/11\/visite-de-la-de\u0301le\u0301gation-suisse-211119-12-768x512.jpg 768w\" sizes=\"(max-width: 1024px) 100vw, 1024px\" \/><\/figure><\/li><li class=\"blocks-gallery-item\"><figure><img loading=\"lazy\" decoding=\"async\" width=\"1024\" height=\"616\" src=\"https:\/\/www.tamsstn.org\/wp-content\/uploads\/2019\/11\/Capture-d\u2019e\u0301cran-2019-11-25-a\u0300-10.41.16-1024x616.png\" alt=\"\" data-id=\"609\" data-full-url=\"https:\/\/www.tamsstn.org\/wp-content\/uploads\/2019\/11\/Capture-d\u2019e\u0301cran-2019-11-25-a\u0300-10.41.16.png\" data-link=\"https:\/\/www.tamsstn.org\/capture-decran-2019-11-25-a-10-41-16\/\" class=\"wp-image-609\" title=\"\" srcset=\"https:\/\/www.tamsstn.org\/wp-content\/uploads\/2019\/11\/Capture-d\u2019e\u0301cran-2019-11-25-a\u0300-10.41.16-1024x616.png 1024w, https:\/\/www.tamsstn.org\/wp-content\/uploads\/2019\/11\/Capture-d\u2019e\u0301cran-2019-11-25-a\u0300-10.41.16-600x361.png 600w, https:\/\/www.tamsstn.org\/wp-content\/uploads\/2019\/11\/Capture-d\u2019e\u0301cran-2019-11-25-a\u0300-10.41.16-300x180.png 300w, https:\/\/www.tamsstn.org\/wp-content\/uploads\/2019\/11\/Capture-d\u2019e\u0301cran-2019-11-25-a\u0300-10.41.16-768x462.png 768w\" sizes=\"(max-width: 1024px) 100vw, 1024px\" \/><\/figure><\/li><li class=\"blocks-gallery-item\"><figure><img loading=\"lazy\" decoding=\"async\" width=\"1024\" height=\"616\" src=\"https:\/\/www.tamsstn.org\/wp-content\/uploads\/2019\/11\/Capture-d\u2019e\u0301cran-2019-11-25-a\u0300-10.41.16-1024x616.png\" alt=\"\" data-id=\"610\" data-full-url=\"https:\/\/www.tamsstn.org\/wp-content\/uploads\/2019\/11\/Capture-d\u2019e\u0301cran-2019-11-25-a\u0300-10.41.16.png\" data-link=\"https:\/\/www.tamsstn.org\/capture-decran-2019-11-25-a-10-41-16-2\/\" class=\"wp-image-610\" title=\"\" srcset=\"https:\/\/www.tamsstn.org\/wp-content\/uploads\/2019\/11\/Capture-d\u2019e\u0301cran-2019-11-25-a\u0300-10.41.16-1024x616.png 1024w, https:\/\/www.tamsstn.org\/wp-content\/uploads\/2019\/11\/Capture-d\u2019e\u0301cran-2019-11-25-a\u0300-10.41.16-600x361.png 600w, https:\/\/www.tamsstn.org\/wp-content\/uploads\/2019\/11\/Capture-d\u2019e\u0301cran-2019-11-25-a\u0300-10.41.16-300x180.png 300w, https:\/\/www.tamsstn.org\/wp-content\/uploads\/2019\/11\/Capture-d\u2019e\u0301cran-2019-11-25-a\u0300-10.41.16-768x462.png 768w\" sizes=\"(max-width: 1024px) 100vw, 1024px\" \/><\/figure><\/li><\/ul><\/figure>\n<\/div><\/div>\n<\/div>\n<\/div>","protected":false},"excerpt":{"rendered":"<p>Inauguration la premi\u00e8re micro-entreprise au profit des r\u00e9fugi\u00e9s<\/p>","protected":false},"author":1,"featured_media":638,"comment_status":"open","ping_status":"open","sticky":false,"template":"","format":"standard","meta":{"_exactmetrics_skip_tracking":false,"_exactmetrics_sitenote_active":false,"_exactmetrics_sitenote_note":"","_exactmetrics_sitenote_category":0,"footnotes":""},"categories":[33],"tags":[14,16,17,178,15,180],"class_list":["post-4612","post","type-post","status-publish","format-standard","has-post-thumbnail","hentry","category-seiras","tag-entrepreneuriat","tag-entrepreneurs","tag-entreprise","tag-social","tag-tamss","tag-tunisie","entry","has-media"],"_links":{"self":[{"href":"https:\/\/www.tamsstn.org\/en\/wp-json\/wp\/v2\/posts\/4612","targetHints":{"allow":["GET"]}}],"collection":[{"href":"https:\/\/www.tamsstn.org\/en\/wp-json\/wp\/v2\/posts"}],"about":[{"href":"https:\/\/www.tamsstn.org\/en\/wp-json\/wp\/v2\/types\/post"}],"author":[{"embeddable":true,"href":"https:\/\/www.tamsstn.org\/en\/wp-json\/wp\/v2\/users\/1"}],"replies":[{"embeddable":true,"href":"https:\/\/www.tamsstn.org\/en\/wp-json\/wp\/v2\/comments?post=4612"}],"version-history":[{"count":1,"href":"https:\/\/www.tamsstn.org\/en\/wp-json\/wp\/v2\/posts\/4612\/revisions"}],"predecessor-version":[{"id":7427,"href":"https:\/\/www.tamsstn.org\/en\/wp-json\/wp\/v2\/posts\/4612\/revisions\/7427"}],"wp:featuredmedia":[{"embeddable":true,"href":"https:\/\/www.tamsstn.org\/en\/wp-json\/wp\/v2\/media\/638"}],"wp:attachment":[{"href":"https:\/\/www.tamsstn.org\/en\/wp-json\/wp\/v2\/media?parent=4612"}],"wp:term":[{"taxonomy":"category","embeddable":true,"href":"https:\/\/www.tamsstn.org\/en\/wp-json\/wp\/v2\/categories?post=4612"},{"taxonomy":"post_tag","embeddable":true,"href":"https:\/\/www.tamsstn.org\/en\/wp-json\/wp\/v2\/tags?post=4612"}],"curies":[{"name":"wp","href":"https:\/\/api.w.org\/{rel}","templated":true}]}}